{"id":10521,"date":"2022-04-25T12:47:23","date_gmt":"2022-04-25T11:47:23","guid":{"rendered":"https:\/\/vertexcad.com\/se\/?p=10521"},"modified":"2022-04-25T12:48:06","modified_gmt":"2022-04-25T11:48:06","slug":"steinar-vordal-ansluter-till-vertex-teamet","status":"publish","type":"post","link":"https:\/\/vertexcad.com\/se\/2022\/04\/25\/steinar-vordal-ansluter-till-vertex-teamet\/","title":{"rendered":"Steinar Vordal ansluter till Vertex-teamet"},"content":{"rendered":"<p>[et_pb_section fb_built=&#8221;1&#8243; admin_label=&#8221;section&#8221; _builder_version=&#8221;4.16&#8243; global_colors_info=&#8221;{}&#8221;][et_pb_row column_structure=&#8221;1_5,3_5,1_5&#8243; admin_label=&#8221;row&#8221; _builder_version=&#8221;4.16&#8243; background_size=&#8221;initial&#8221; background_position=&#8221;top_left&#8221; background_repeat=&#8221;repeat&#8221; global_colors_info=&#8221;{}&#8221;][et_pb_column type=&#8221;1_5&#8243; _builder_version=&#8221;4.16&#8243; custom_padding=&#8221;|||&#8221; global_colors_info=&#8221;{}&#8221; custom_padding__hover=&#8221;|||&#8221;][\/et_pb_column][et_pb_column type=&#8221;3_5&#8243; _builder_version=&#8221;4.16&#8243; custom_padding=&#8221;|||&#8221; global_colors_info=&#8221;{}&#8221; custom_padding__hover=&#8221;|||&#8221;][et_pb_image src=&#8221;https:\/\/vertexcad.com\/se\/wp-content\/uploads\/sites\/6\/2022\/04\/Bild-hemsida1.jpg&#8221; title_text=&#8221;Bild hemsida(1)&#8221; url_new_window=&#8221;on&#8221; align=&#8221;center&#8221; _builder_version=&#8221;4.17.1&#8243; global_colors_info=&#8221;{}&#8221;][\/et_pb_image][et_pb_text _builder_version=&#8221;4.17.1&#8243; global_colors_info=&#8221;{}&#8221;]<\/p>\n<p><strong>Med m\u00e5ng\u00e5rig erfarenhet inom byggbranschen s\u00e5 ansluter nu Steinar Vordal till oss p\u00e5 Vertex Systems. Steinar kommer bearbeta nya potentiella kunder i Norge. <\/strong><\/p>\n<p><strong>Steinar Vordal, Teknisk-konsulent, Vertex Systems Norge.<\/strong><\/p>\n<p>N\u00e5r Vertex og Roger tok kontakt med meg s\u00e5 kjente jeg at det var g\u00f8y og selvsagt at f\u00e5 hjelpe Vertex p\u00e5 det Norske markedet. Att jeg har v\u00e6rt aktiv imot den industrielle produksjon av veggelementer siden midten p\u00e5 1980 tallet, gj\u00f8r at jeg har samlet p\u00e5 en del erfaring og kontakter som Vertex kan ha nytte av. Det skal bli g\u00f8y at f\u00e5 ta del av Vertex reise p\u00e5 det Skandinaviske markedet.<\/p>\n<p><strong>Roger Johansson, Bransch Manager, Vertex Systems Skandinavien:<\/strong><\/p>\n<p>Vi h\u00e4lsar Steinar varmt v\u00e4lkommen till v\u00e5rt g\u00e4ng. Steinar har stor erfarenhet av husfabriker och dess processer, n\u00e5got som \u00e4r en stor f\u00f6rdel i identifierande av nya kunder. Vi ser stort fram emot att \u00f6ka v\u00e5r aktivitet i Norge och Steinar har helt r\u00e4tt erfarenheter f\u00f6r att veta var Vertex BD kommer skapa v\u00e4rde.<\/p>\n<p style=\"text-align: center;\"><span id=\"ember26263\" class=\"ember-view\">\u00a0<\/span><\/p>\n<p>[\/et_pb_text][\/et_pb_column][et_pb_column type=&#8221;1_5&#8243; _builder_version=&#8221;4.16&#8243; custom_padding=&#8221;|||&#8221; global_colors_info=&#8221;{}&#8221; custom_padding__hover=&#8221;|||&#8221;][\/et_pb_column][\/et_pb_row][\/et_pb_section]<\/p>\n","protected":false},"excerpt":{"rendered":"<p>Med m\u00e5ng\u00e5rig erfarenhet inom byggbranschen s\u00e5 ansluter nu Steinar Vordal till oss p\u00e5 Vertex Systems. Steinar kommer bearbeta nya potentiella kunder i Norge.<\/p>\n","protected":false},"author":2,"featured_media":10524,"comment_status":"open","ping_status":"open","sticky":false,"template":"","format":"standard","meta":{"_et_pb_use_builder":"on","_et_pb_old_content":"","_et_gb_content_width":""},"categories":[4],"tags":[],"yoast_head":"<!-- This site is optimized with the Yoast SEO plugin v18.6 - https:\/\/yoast.com\/wordpress\/plugins\/seo\/ -->\n<title>Steinar Vordal ansluter till Vertex-teamet - Vertex BD Software Sverige<\/title>\n<meta name=\"robots\" content=\"index, follow, max-snippet:-1, max-image-preview:large, max-video-preview:-1\" \/>\n<link rel=\"canonical\" href=\"https:\/\/vertexcad.com\/se\/2022\/04\/25\/steinar-vordal-ansluter-till-vertex-teamet\/\" \/>\n<meta property=\"og:locale\" content=\"en_US\" \/>\n<meta property=\"og:type\" content=\"article\" \/>\n<meta property=\"og:title\" content=\"Steinar Vordal ansluter till Vertex-teamet - Vertex BD Software Sverige\" \/>\n<meta property=\"og:description\" content=\"Med m\u00e5ng\u00e5rig erfarenhet inom byggbranschen s\u00e5 ansluter nu Steinar Vordal till oss p\u00e5 Vertex Systems. Steinar kommer bearbeta nya potentiella kunder i Norge.\" \/>\n<meta property=\"og:url\" content=\"https:\/\/vertexcad.com\/se\/2022\/04\/25\/steinar-vordal-ansluter-till-vertex-teamet\/\" \/>\n<meta property=\"og:site_name\" content=\"Vertex BD Software Sverige\" \/>\n<meta property=\"article:publisher\" content=\"http:\/\/www.facebook.com\/VertexSystemsInternational\" \/>\n<meta property=\"article:published_time\" content=\"2022-04-25T11:47:23+00:00\" \/>\n<meta property=\"article:modified_time\" content=\"2022-04-25T11:48:06+00:00\" \/>\n<meta property=\"og:image\" content=\"https:\/\/vertexcad.com\/se\/wp-content\/uploads\/sites\/6\/2022\/04\/Bild-hemsida1.jpg\" \/>\n\t<meta property=\"og:image:width\" content=\"1200\" \/>\n\t<meta property=\"og:image:height\" content=\"788\" \/>\n\t<meta property=\"og:image:type\" content=\"image\/jpeg\" \/>\n<meta name=\"twitter:card\" content=\"summary_large_image\" \/>\n<meta name=\"twitter:creator\" content=\"@VertexSysIntl\" \/>\n<meta name=\"twitter:site\" content=\"@VertexSysIntl\" \/>\n<meta name=\"twitter:label1\" content=\"Written by\" \/>\n\t<meta name=\"twitter:data1\" content=\"Pekka Moilanen\" \/>\n\t<meta name=\"twitter:label2\" content=\"Est. reading time\" \/>\n\t<meta name=\"twitter:data2\" content=\"2 minutes\" \/>\n<script type=\"application\/ld+json\" class=\"yoast-schema-graph\">{\"@context\":\"https:\/\/schema.org\",\"@graph\":[{\"@type\":\"Organization\",\"@id\":\"https:\/\/vertexcad.com\/se\/#organization\",\"name\":\"Vertex Systems\",\"url\":\"https:\/\/vertexcad.com\/se\/\",\"sameAs\":[\"http:\/\/www.facebook.com\/VertexSystemsInternational\",\"https:\/\/www.linkedin.com\/company\/vertexsystemssweden\/\",\"https:\/\/www.youtube.com\/c\/VertexBDBuildingDesignSoftware\",\"https:\/\/twitter.com\/VertexSysIntl\"],\"logo\":{\"@type\":\"ImageObject\",\"@id\":\"https:\/\/vertexcad.com\/se\/#logo\",\"inLanguage\":\"en-US\",\"url\":\"https:\/\/vertexcad.com\/se\/wp-content\/uploads\/sites\/6\/2020\/02\/VERTEXlogo_with_margins.jpg\",\"contentUrl\":\"https:\/\/vertexcad.com\/se\/wp-content\/uploads\/sites\/6\/2020\/02\/VERTEXlogo_with_margins.jpg\",\"width\":1400,\"height\":500,\"caption\":\"Vertex Systems\"},\"image\":{\"@id\":\"https:\/\/vertexcad.com\/se\/#logo\"}},{\"@type\":\"WebSite\",\"@id\":\"https:\/\/vertexcad.com\/se\/#website\",\"url\":\"https:\/\/vertexcad.com\/se\/\",\"name\":\"Vertex BD Software Sverige\",\"description\":\"Vertex BD - Ledande BIM Mjukvara f\u00f6r Tr\u00e4husindustrin\",\"publisher\":{\"@id\":\"https:\/\/vertexcad.com\/se\/#organization\"},\"potentialAction\":[{\"@type\":\"SearchAction\",\"target\":{\"@type\":\"EntryPoint\",\"urlTemplate\":\"https:\/\/vertexcad.com\/se\/?s={search_term_string}\"},\"query-input\":\"required name=search_term_string\"}],\"inLanguage\":\"en-US\"},{\"@type\":\"ImageObject\",\"@id\":\"https:\/\/vertexcad.com\/se\/2022\/04\/25\/steinar-vordal-ansluter-till-vertex-teamet\/#primaryimage\",\"inLanguage\":\"en-US\",\"url\":\"https:\/\/vertexcad.com\/se\/wp-content\/uploads\/sites\/6\/2022\/04\/Bild-hemsida1.jpg\",\"contentUrl\":\"https:\/\/vertexcad.com\/se\/wp-content\/uploads\/sites\/6\/2022\/04\/Bild-hemsida1.jpg\",\"width\":1200,\"height\":788},{\"@type\":\"WebPage\",\"@id\":\"https:\/\/vertexcad.com\/se\/2022\/04\/25\/steinar-vordal-ansluter-till-vertex-teamet\/#webpage\",\"url\":\"https:\/\/vertexcad.com\/se\/2022\/04\/25\/steinar-vordal-ansluter-till-vertex-teamet\/\",\"name\":\"Steinar Vordal ansluter till Vertex-teamet - Vertex BD Software Sverige\",\"isPartOf\":{\"@id\":\"https:\/\/vertexcad.com\/se\/#website\"},\"primaryImageOfPage\":{\"@id\":\"https:\/\/vertexcad.com\/se\/2022\/04\/25\/steinar-vordal-ansluter-till-vertex-teamet\/#primaryimage\"},\"datePublished\":\"2022-04-25T11:47:23+00:00\",\"dateModified\":\"2022-04-25T11:48:06+00:00\",\"breadcrumb\":{\"@id\":\"https:\/\/vertexcad.com\/se\/2022\/04\/25\/steinar-vordal-ansluter-till-vertex-teamet\/#breadcrumb\"},\"inLanguage\":\"en-US\",\"potentialAction\":[{\"@type\":\"ReadAction\",\"target\":[\"https:\/\/vertexcad.com\/se\/2022\/04\/25\/steinar-vordal-ansluter-till-vertex-teamet\/\"]}]},{\"@type\":\"BreadcrumbList\",\"@id\":\"https:\/\/vertexcad.com\/se\/2022\/04\/25\/steinar-vordal-ansluter-till-vertex-teamet\/#breadcrumb\",\"itemListElement\":[{\"@type\":\"ListItem\",\"position\":1,\"name\":\"Home\",\"item\":\"https:\/\/vertexcad.com\/se\/\"},{\"@type\":\"ListItem\",\"position\":2,\"name\":\"Steinar Vordal ansluter till Vertex-teamet\"}]},{\"@type\":\"Article\",\"@id\":\"https:\/\/vertexcad.com\/se\/2022\/04\/25\/steinar-vordal-ansluter-till-vertex-teamet\/#article\",\"isPartOf\":{\"@id\":\"https:\/\/vertexcad.com\/se\/2022\/04\/25\/steinar-vordal-ansluter-till-vertex-teamet\/#webpage\"},\"author\":{\"@id\":\"https:\/\/vertexcad.com\/se\/#\/schema\/person\/7596fbb2bf3340167b8322b967321084\"},\"headline\":\"Steinar Vordal ansluter till Vertex-teamet\",\"datePublished\":\"2022-04-25T11:47:23+00:00\",\"dateModified\":\"2022-04-25T11:48:06+00:00\",\"mainEntityOfPage\":{\"@id\":\"https:\/\/vertexcad.com\/se\/2022\/04\/25\/steinar-vordal-ansluter-till-vertex-teamet\/#webpage\"},\"wordCount\":319,\"commentCount\":0,\"publisher\":{\"@id\":\"https:\/\/vertexcad.com\/se\/#organization\"},\"image\":{\"@id\":\"https:\/\/vertexcad.com\/se\/2022\/04\/25\/steinar-vordal-ansluter-till-vertex-teamet\/#primaryimage\"},\"thumbnailUrl\":\"https:\/\/vertexcad.com\/se\/wp-content\/uploads\/sites\/6\/2022\/04\/Bild-hemsida1.jpg\",\"articleSection\":[\"News\"],\"inLanguage\":\"en-US\",\"potentialAction\":[{\"@type\":\"CommentAction\",\"name\":\"Comment\",\"target\":[\"https:\/\/vertexcad.com\/se\/2022\/04\/25\/steinar-vordal-ansluter-till-vertex-teamet\/#respond\"]}]},{\"@type\":\"Person\",\"@id\":\"https:\/\/vertexcad.com\/se\/#\/schema\/person\/7596fbb2bf3340167b8322b967321084\",\"name\":\"Pekka Moilanen\",\"image\":{\"@type\":\"ImageObject\",\"@id\":\"https:\/\/vertexcad.com\/se\/#personlogo\",\"inLanguage\":\"en-US\",\"url\":\"https:\/\/secure.gravatar.com\/avatar\/8f6c07f5d9124613d44c7a20b9832345?s=96&d=mm&r=g\",\"contentUrl\":\"https:\/\/secure.gravatar.com\/avatar\/8f6c07f5d9124613d44c7a20b9832345?s=96&d=mm&r=g\",\"caption\":\"Pekka Moilanen\"},\"url\":\"https:\/\/vertexcad.com\/se\/author\/pekkamo\/\"}]}<\/script>\n<!-- \/ Yoast SEO plugin. -->","yoast_head_json":{"title":"Steinar Vordal ansluter till Vertex-teamet - Vertex BD Software Sverige","robots":{"index":"index","follow":"follow","max-snippet":"max-snippet:-1","max-image-preview":"max-image-preview:large","max-video-preview":"max-video-preview:-1"},"canonical":"https:\/\/vertexcad.com\/se\/2022\/04\/25\/steinar-vordal-ansluter-till-vertex-teamet\/","og_locale":"en_US","og_type":"article","og_title":"Steinar Vordal ansluter till Vertex-teamet - Vertex BD Software Sverige","og_description":"Med m\u00e5ng\u00e5rig erfarenhet inom byggbranschen s\u00e5 ansluter nu Steinar Vordal till oss p\u00e5 Vertex Systems. Steinar kommer bearbeta nya potentiella kunder i Norge.","og_url":"https:\/\/vertexcad.com\/se\/2022\/04\/25\/steinar-vordal-ansluter-till-vertex-teamet\/","og_site_name":"Vertex BD Software Sverige","article_publisher":"http:\/\/www.facebook.com\/VertexSystemsInternational","article_published_time":"2022-04-25T11:47:23+00:00","article_modified_time":"2022-04-25T11:48:06+00:00","og_image":[{"width":1200,"height":788,"url":"https:\/\/vertexcad.com\/se\/wp-content\/uploads\/sites\/6\/2022\/04\/Bild-hemsida1.jpg","type":"image\/jpeg"}],"twitter_card":"summary_large_image","twitter_creator":"@VertexSysIntl","twitter_site":"@VertexSysIntl","twitter_misc":{"Written by":"Pekka Moilanen","Est. reading time":"2 minutes"},"schema":{"@context":"https:\/\/schema.org","@graph":[{"@type":"Organization","@id":"https:\/\/vertexcad.com\/se\/#organization","name":"Vertex Systems","url":"https:\/\/vertexcad.com\/se\/","sameAs":["http:\/\/www.facebook.com\/VertexSystemsInternational","https:\/\/www.linkedin.com\/company\/vertexsystemssweden\/","https:\/\/www.youtube.com\/c\/VertexBDBuildingDesignSoftware","https:\/\/twitter.com\/VertexSysIntl"],"logo":{"@type":"ImageObject","@id":"https:\/\/vertexcad.com\/se\/#logo","inLanguage":"en-US","url":"https:\/\/vertexcad.com\/se\/wp-content\/uploads\/sites\/6\/2020\/02\/VERTEXlogo_with_margins.jpg","contentUrl":"https:\/\/vertexcad.com\/se\/wp-content\/uploads\/sites\/6\/2020\/02\/VERTEXlogo_with_margins.jpg","width":1400,"height":500,"caption":"Vertex Systems"},"image":{"@id":"https:\/\/vertexcad.com\/se\/#logo"}},{"@type":"WebSite","@id":"https:\/\/vertexcad.com\/se\/#website","url":"https:\/\/vertexcad.com\/se\/","name":"Vertex BD Software Sverige","description":"Vertex BD - Ledande BIM Mjukvara f\u00f6r Tr\u00e4husindustrin","publisher":{"@id":"https:\/\/vertexcad.com\/se\/#organization"},"potentialAction":[{"@type":"SearchAction","target":{"@type":"EntryPoint","urlTemplate":"https:\/\/vertexcad.com\/se\/?s={search_term_string}"},"query-input":"required name=search_term_string"}],"inLanguage":"en-US"},{"@type":"ImageObject","@id":"https:\/\/vertexcad.com\/se\/2022\/04\/25\/steinar-vordal-ansluter-till-vertex-teamet\/#primaryimage","inLanguage":"en-US","url":"https:\/\/vertexcad.com\/se\/wp-content\/uploads\/sites\/6\/2022\/04\/Bild-hemsida1.jpg","contentUrl":"https:\/\/vertexcad.com\/se\/wp-content\/uploads\/sites\/6\/2022\/04\/Bild-hemsida1.jpg","width":1200,"height":788},{"@type":"WebPage","@id":"https:\/\/vertexcad.com\/se\/2022\/04\/25\/steinar-vordal-ansluter-till-vertex-teamet\/#webpage","url":"https:\/\/vertexcad.com\/se\/2022\/04\/25\/steinar-vordal-ansluter-till-vertex-teamet\/","name":"Steinar Vordal ansluter till Vertex-teamet - Vertex BD Software Sverige","isPartOf":{"@id":"https:\/\/vertexcad.com\/se\/#website"},"primaryImageOfPage":{"@id":"https:\/\/vertexcad.com\/se\/2022\/04\/25\/steinar-vordal-ansluter-till-vertex-teamet\/#primaryimage"},"datePublished":"2022-04-25T11:47:23+00:00","dateModified":"2022-04-25T11:48:06+00:00","breadcrumb":{"@id":"https:\/\/vertexcad.com\/se\/2022\/04\/25\/steinar-vordal-ansluter-till-vertex-teamet\/#breadcrumb"},"inLanguage":"en-US","potentialAction":[{"@type":"ReadAction","target":["https:\/\/vertexcad.com\/se\/2022\/04\/25\/steinar-vordal-ansluter-till-vertex-teamet\/"]}]},{"@type":"BreadcrumbList","@id":"https:\/\/vertexcad.com\/se\/2022\/04\/25\/steinar-vordal-ansluter-till-vertex-teamet\/#breadcrumb","itemListElement":[{"@type":"ListItem","position":1,"name":"Home","item":"https:\/\/vertexcad.com\/se\/"},{"@type":"ListItem","position":2,"name":"Steinar Vordal ansluter till Vertex-teamet"}]},{"@type":"Article","@id":"https:\/\/vertexcad.com\/se\/2022\/04\/25\/steinar-vordal-ansluter-till-vertex-teamet\/#article","isPartOf":{"@id":"https:\/\/vertexcad.com\/se\/2022\/04\/25\/steinar-vordal-ansluter-till-vertex-teamet\/#webpage"},"author":{"@id":"https:\/\/vertexcad.com\/se\/#\/schema\/person\/7596fbb2bf3340167b8322b967321084"},"headline":"Steinar Vordal ansluter till Vertex-teamet","datePublished":"2022-04-25T11:47:23+00:00","dateModified":"2022-04-25T11:48:06+00:00","mainEntityOfPage":{"@id":"https:\/\/vertexcad.com\/se\/2022\/04\/25\/steinar-vordal-ansluter-till-vertex-teamet\/#webpage"},"wordCount":319,"commentCount":0,"publisher":{"@id":"https:\/\/vertexcad.com\/se\/#organization"},"image":{"@id":"https:\/\/vertexcad.com\/se\/2022\/04\/25\/steinar-vordal-ansluter-till-vertex-teamet\/#primaryimage"},"thumbnailUrl":"https:\/\/vertexcad.com\/se\/wp-content\/uploads\/sites\/6\/2022\/04\/Bild-hemsida1.jpg","articleSection":["News"],"inLanguage":"en-US","potentialAction":[{"@type":"CommentAction","name":"Comment","target":["https:\/\/vertexcad.com\/se\/2022\/04\/25\/steinar-vordal-ansluter-till-vertex-teamet\/#respond"]}]},{"@type":"Person","@id":"https:\/\/vertexcad.com\/se\/#\/schema\/person\/7596fbb2bf3340167b8322b967321084","name":"Pekka Moilanen","image":{"@type":"ImageObject","@id":"https:\/\/vertexcad.com\/se\/#personlogo","inLanguage":"en-US","url":"https:\/\/secure.gravatar.com\/avatar\/8f6c07f5d9124613d44c7a20b9832345?s=96&d=mm&r=g","contentUrl":"https:\/\/secure.gravatar.com\/avatar\/8f6c07f5d9124613d44c7a20b9832345?s=96&d=mm&r=g","caption":"Pekka Moilanen"},"url":"https:\/\/vertexcad.com\/se\/author\/pekkamo\/"}]}},"_links":{"self":[{"href":"https:\/\/vertexcad.com\/se\/wp-json\/wp\/v2\/posts\/10521"}],"collection":[{"href":"https:\/\/vertexcad.com\/se\/wp-json\/wp\/v2\/posts"}],"about":[{"href":"https:\/\/vertexcad.com\/se\/wp-json\/wp\/v2\/types\/post"}],"author":[{"embeddable":true,"href":"https:\/\/vertexcad.com\/se\/wp-json\/wp\/v2\/users\/2"}],"replies":[{"embeddable":true,"href":"https:\/\/vertexcad.com\/se\/wp-json\/wp\/v2\/comments?post=10521"}],"version-history":[{"count":5,"href":"https:\/\/vertexcad.com\/se\/wp-json\/wp\/v2\/posts\/10521\/revisions"}],"predecessor-version":[{"id":10529,"href":"https:\/\/vertexcad.com\/se\/wp-json\/wp\/v2\/posts\/10521\/revisions\/10529"}],"wp:featuredmedia":[{"embeddable":true,"href":"https:\/\/vertexcad.com\/se\/wp-json\/wp\/v2\/media\/10524"}],"wp:attachment":[{"href":"https:\/\/vertexcad.com\/se\/wp-json\/wp\/v2\/media?parent=10521"}],"wp:term":[{"taxonomy":"category","embeddable":true,"href":"https:\/\/vertexcad.com\/se\/wp-json\/wp\/v2\/categories?post=10521"},{"taxonomy":"post_tag","embeddable":true,"href":"https:\/\/vertexcad.com\/se\/wp-json\/wp\/v2\/tags?post=10521"}],"curies":[{"name":"wp","href":"https:\/\/api.w.org\/{rel}","templated":true}]}}