{"id":260,"date":"2019-05-06T12:19:56","date_gmt":"2019-05-06T10:19:56","guid":{"rendered":"https:\/\/vertexcad.com\/web2\/se\/?p=260"},"modified":"2021-05-04T17:16:35","modified_gmt":"2021-05-04T16:16:35","slug":"reformhus-ansluter-till-vertex-teamet","status":"publish","type":"post","link":"https:\/\/vertexcad.com\/se\/2019\/05\/06\/reformhus-ansluter-till-vertex-teamet\/","title":{"rendered":"Reformhus ansluter till Vertex-teamet"},"content":{"rendered":"<p>[et_pb_section fb_built=&#8221;1&#8243; _builder_version=&#8221;3.22.3&#8243;][et_pb_row column_structure=&#8221;1_2,1_2&#8243; _builder_version=&#8221;3.25&#8243;][et_pb_column type=&#8221;1_2&#8243; _builder_version=&#8221;3.25&#8243; custom_padding=&#8221;|||&#8221; custom_padding__hover=&#8221;|||&#8221;][et_pb_image src=&#8221;https:\/\/vertexcad.com\/se\/wp-content\/uploads\/sites\/6\/2021\/04\/Reformhus.jpg&#8221; title_text=&#8221;Reformhus&#8221; align_tablet=&#8221;center&#8221; align_phone=&#8221;&#8221; align_last_edited=&#8221;on|desktop&#8221; admin_label=&#8221;Image&#8221; _builder_version=&#8221;4.7.7&#8243;][\/et_pb_image][\/et_pb_column][et_pb_column type=&#8221;1_2&#8243; _builder_version=&#8221;3.25&#8243; custom_padding=&#8221;|||&#8221; custom_padding__hover=&#8221;|||&#8221;][et_pb_text _builder_version=&#8221;3.27.4&#8243;]<\/p>\n<p>Med ett unikt byggsystem och under ledning av VD Stefan Sigesg\u00e5rd tar nu <a href=\"http:\/\/www.reformhus.se\/\" target=\"_blank\" rel=\"noopener noreferrer\">Reformhus <\/a>stora steg fram\u00e5t p\u00e5 den svenska marknaden. Som ett led i expansionen implementeras nu byggsystemet i Vertex CAD system och drivande i detta projekt \u00e4r nyrekryterade Joachim Svedin. Teamet p\u00e5 Reformhus har l\u00e5ng erfarenhet fr\u00e5n byggbranschen. Med en PIR-isolerad tr\u00e4regelstomme som ger n\u00e4rmast unikt l\u00e5gt u-v\u00e4rde och luftt\u00e4thet i kombination med en fullst\u00e4ndigt flexibel arkitektur s\u00e5 blir erbjudandet mot marknaden v\u00e4ldigt intressant. Det ligger helt i linje med vad konsumenter och professionella best\u00e4llare efterfr\u00e5gar. \u00c4ven Vizcon AB med @Martin Carlsson i spetsen kommer st\u00f6tta Reformhus i denna expansion och bidra med arkitektur och projekteringskraft. Ett effektivt och v\u00e4rdeskapande samarbete mellan Reformhus, Vizcon och Vertex.<\/p>\n<p>[\/et_pb_text][et_pb_image src=&#8221;https:\/\/vertexcad.com\/se\/wp-content\/uploads\/sites\/6\/2019\/10\/reformhus-logotyp-graphoteket-1.png&#8221; align_tablet=&#8221;center&#8221; align_phone=&#8221;&#8221; align_last_edited=&#8221;on|desktop&#8221; admin_label=&#8221;Image&#8221; _builder_version=&#8221;3.23&#8243;][\/et_pb_image][\/et_pb_column][\/et_pb_row][\/et_pb_section]<\/p>\n","protected":false},"excerpt":{"rendered":"<p>Med ett unikt byggsystem och under ledning av VD Stefan Sigesg\u00e5rd tar nu Reformhus stora steg fram\u00e5t p\u00e5 den svenska marknaden. Som ett led i expansionen implementeras nu byggsystemet i Vertex CAD system och drivande i detta projekt \u00e4r nyrekryterade Joachim Svedin. Teamet p\u00e5 Reformhus har l\u00e5ng erfarenhet fr\u00e5n byggbranschen. Med en PIR-isolerad tr\u00e4regelstomme som [&hellip;]<\/p>\n","protected":false},"author":2,"featured_media":0,"comment_status":"open","ping_status":"open","sticky":false,"template":"","format":"standard","meta":{"_et_pb_use_builder":"on","_et_pb_old_content":"","_et_gb_content_width":""},"categories":[3],"tags":[],"yoast_head":"<!-- This site is optimized with the Yoast SEO plugin v18.6 - https:\/\/yoast.com\/wordpress\/plugins\/seo\/ -->\n<title>Reformhus ansluter till Vertex-teamet -\u3010Vertex BD\u3011<\/title>\n<meta name=\"description\" content=\"Reformhus ansluter till Vertex-teamet! Som ett led i expansionen implementeras nu byggsystemet i Vertex CAD system -\u3010Vertex BD\u3011\" \/>\n<meta name=\"robots\" content=\"index, follow, max-snippet:-1, max-image-preview:large, max-video-preview:-1\" \/>\n<link rel=\"canonical\" href=\"https:\/\/vertexcad.com\/se\/2019\/05\/06\/reformhus-ansluter-till-vertex-teamet\/\" \/>\n<meta property=\"og:locale\" content=\"en_US\" \/>\n<meta property=\"og:type\" content=\"article\" \/>\n<meta property=\"og:title\" content=\"Reformhus ansluter till Vertex-teamet -\u3010Vertex BD\u3011\" \/>\n<meta property=\"og:description\" content=\"Reformhus ansluter till Vertex-teamet! Som ett led i expansionen implementeras nu byggsystemet i Vertex CAD system -\u3010Vertex BD\u3011\" \/>\n<meta property=\"og:url\" content=\"https:\/\/vertexcad.com\/se\/2019\/05\/06\/reformhus-ansluter-till-vertex-teamet\/\" \/>\n<meta property=\"og:site_name\" content=\"Vertex BD Software Sverige\" \/>\n<meta property=\"article:publisher\" content=\"http:\/\/www.facebook.com\/VertexSystemsInternational\" \/>\n<meta property=\"article:published_time\" content=\"2019-05-06T10:19:56+00:00\" \/>\n<meta property=\"article:modified_time\" content=\"2021-05-04T16:16:35+00:00\" \/>\n<meta name=\"twitter:card\" content=\"summary_large_image\" \/>\n<meta name=\"twitter:creator\" content=\"@VertexSysIntl\" \/>\n<meta name=\"twitter:site\" content=\"@VertexSysIntl\" \/>\n<meta name=\"twitter:label1\" content=\"Written by\" \/>\n\t<meta name=\"twitter:data1\" content=\"Pekka Moilanen\" \/>\n\t<meta name=\"twitter:label2\" content=\"Est. reading time\" \/>\n\t<meta name=\"twitter:data2\" content=\"1 minute\" \/>\n<script type=\"application\/ld+json\" class=\"yoast-schema-graph\">{\"@context\":\"https:\/\/schema.org\",\"@graph\":[{\"@type\":\"Organization\",\"@id\":\"https:\/\/vertexcad.com\/se\/#organization\",\"name\":\"Vertex Systems\",\"url\":\"https:\/\/vertexcad.com\/se\/\",\"sameAs\":[\"http:\/\/www.facebook.com\/VertexSystemsInternational\",\"https:\/\/www.linkedin.com\/company\/vertexsystemssweden\/\",\"https:\/\/www.youtube.com\/c\/VertexBDBuildingDesignSoftware\",\"https:\/\/twitter.com\/VertexSysIntl\"],\"logo\":{\"@type\":\"ImageObject\",\"@id\":\"https:\/\/vertexcad.com\/se\/#logo\",\"inLanguage\":\"en-US\",\"url\":\"https:\/\/vertexcad.com\/se\/wp-content\/uploads\/sites\/6\/2020\/02\/VERTEXlogo_with_margins.jpg\",\"contentUrl\":\"https:\/\/vertexcad.com\/se\/wp-content\/uploads\/sites\/6\/2020\/02\/VERTEXlogo_with_margins.jpg\",\"width\":1400,\"height\":500,\"caption\":\"Vertex Systems\"},\"image\":{\"@id\":\"https:\/\/vertexcad.com\/se\/#logo\"}},{\"@type\":\"WebSite\",\"@id\":\"https:\/\/vertexcad.com\/se\/#website\",\"url\":\"https:\/\/vertexcad.com\/se\/\",\"name\":\"Vertex BD Software Sverige\",\"description\":\"Vertex BD - Ledande BIM Mjukvara f\u00f6r Tr\u00e4husindustrin\",\"publisher\":{\"@id\":\"https:\/\/vertexcad.com\/se\/#organization\"},\"potentialAction\":[{\"@type\":\"SearchAction\",\"target\":{\"@type\":\"EntryPoint\",\"urlTemplate\":\"https:\/\/vertexcad.com\/se\/?s={search_term_string}\"},\"query-input\":\"required name=search_term_string\"}],\"inLanguage\":\"en-US\"},{\"@type\":\"WebPage\",\"@id\":\"https:\/\/vertexcad.com\/se\/2019\/05\/06\/reformhus-ansluter-till-vertex-teamet\/#webpage\",\"url\":\"https:\/\/vertexcad.com\/se\/2019\/05\/06\/reformhus-ansluter-till-vertex-teamet\/\",\"name\":\"Reformhus ansluter till Vertex-teamet -\u3010Vertex BD\u3011\",\"isPartOf\":{\"@id\":\"https:\/\/vertexcad.com\/se\/#website\"},\"datePublished\":\"2019-05-06T10:19:56+00:00\",\"dateModified\":\"2021-05-04T16:16:35+00:00\",\"description\":\"Reformhus ansluter till Vertex-teamet! Som ett led i expansionen implementeras nu byggsystemet i Vertex CAD system -\u3010Vertex BD\u3011\",\"breadcrumb\":{\"@id\":\"https:\/\/vertexcad.com\/se\/2019\/05\/06\/reformhus-ansluter-till-vertex-teamet\/#breadcrumb\"},\"inLanguage\":\"en-US\",\"potentialAction\":[{\"@type\":\"ReadAction\",\"target\":[\"https:\/\/vertexcad.com\/se\/2019\/05\/06\/reformhus-ansluter-till-vertex-teamet\/\"]}]},{\"@type\":\"BreadcrumbList\",\"@id\":\"https:\/\/vertexcad.com\/se\/2019\/05\/06\/reformhus-ansluter-till-vertex-teamet\/#breadcrumb\",\"itemListElement\":[{\"@type\":\"ListItem\",\"position\":1,\"name\":\"Home\",\"item\":\"https:\/\/vertexcad.com\/se\/\"},{\"@type\":\"ListItem\",\"position\":2,\"name\":\"Reformhus ansluter till Vertex-teamet\"}]},{\"@type\":\"Article\",\"@id\":\"https:\/\/vertexcad.com\/se\/2019\/05\/06\/reformhus-ansluter-till-vertex-teamet\/#article\",\"isPartOf\":{\"@id\":\"https:\/\/vertexcad.com\/se\/2019\/05\/06\/reformhus-ansluter-till-vertex-teamet\/#webpage\"},\"author\":{\"@id\":\"https:\/\/vertexcad.com\/se\/#\/schema\/person\/7596fbb2bf3340167b8322b967321084\"},\"headline\":\"Reformhus ansluter till Vertex-teamet\",\"datePublished\":\"2019-05-06T10:19:56+00:00\",\"dateModified\":\"2021-05-04T16:16:35+00:00\",\"mainEntityOfPage\":{\"@id\":\"https:\/\/vertexcad.com\/se\/2019\/05\/06\/reformhus-ansluter-till-vertex-teamet\/#webpage\"},\"wordCount\":258,\"commentCount\":0,\"publisher\":{\"@id\":\"https:\/\/vertexcad.com\/se\/#organization\"},\"articleSection\":[\"Customer\"],\"inLanguage\":\"en-US\",\"potentialAction\":[{\"@type\":\"CommentAction\",\"name\":\"Comment\",\"target\":[\"https:\/\/vertexcad.com\/se\/2019\/05\/06\/reformhus-ansluter-till-vertex-teamet\/#respond\"]}]},{\"@type\":\"Person\",\"@id\":\"https:\/\/vertexcad.com\/se\/#\/schema\/person\/7596fbb2bf3340167b8322b967321084\",\"name\":\"Pekka Moilanen\",\"image\":{\"@type\":\"ImageObject\",\"@id\":\"https:\/\/vertexcad.com\/se\/#personlogo\",\"inLanguage\":\"en-US\",\"url\":\"https:\/\/secure.gravatar.com\/avatar\/8f6c07f5d9124613d44c7a20b9832345?s=96&d=mm&r=g\",\"contentUrl\":\"https:\/\/secure.gravatar.com\/avatar\/8f6c07f5d9124613d44c7a20b9832345?s=96&d=mm&r=g\",\"caption\":\"Pekka Moilanen\"},\"url\":\"https:\/\/vertexcad.com\/se\/author\/pekkamo\/\"}]}<\/script>\n<!-- \/ Yoast SEO plugin. -->","yoast_head_json":{"title":"Reformhus ansluter till Vertex-teamet -\u3010Vertex BD\u3011","description":"Reformhus ansluter till Vertex-teamet! Som ett led i expansionen implementeras nu byggsystemet i Vertex CAD system -\u3010Vertex BD\u3011","robots":{"index":"index","follow":"follow","max-snippet":"max-snippet:-1","max-image-preview":"max-image-preview:large","max-video-preview":"max-video-preview:-1"},"canonical":"https:\/\/vertexcad.com\/se\/2019\/05\/06\/reformhus-ansluter-till-vertex-teamet\/","og_locale":"en_US","og_type":"article","og_title":"Reformhus ansluter till Vertex-teamet -\u3010Vertex BD\u3011","og_description":"Reformhus ansluter till Vertex-teamet! Som ett led i expansionen implementeras nu byggsystemet i Vertex CAD system -\u3010Vertex BD\u3011","og_url":"https:\/\/vertexcad.com\/se\/2019\/05\/06\/reformhus-ansluter-till-vertex-teamet\/","og_site_name":"Vertex BD Software Sverige","article_publisher":"http:\/\/www.facebook.com\/VertexSystemsInternational","article_published_time":"2019-05-06T10:19:56+00:00","article_modified_time":"2021-05-04T16:16:35+00:00","twitter_card":"summary_large_image","twitter_creator":"@VertexSysIntl","twitter_site":"@VertexSysIntl","twitter_misc":{"Written by":"Pekka Moilanen","Est. reading time":"1 minute"},"schema":{"@context":"https:\/\/schema.org","@graph":[{"@type":"Organization","@id":"https:\/\/vertexcad.com\/se\/#organization","name":"Vertex Systems","url":"https:\/\/vertexcad.com\/se\/","sameAs":["http:\/\/www.facebook.com\/VertexSystemsInternational","https:\/\/www.linkedin.com\/company\/vertexsystemssweden\/","https:\/\/www.youtube.com\/c\/VertexBDBuildingDesignSoftware","https:\/\/twitter.com\/VertexSysIntl"],"logo":{"@type":"ImageObject","@id":"https:\/\/vertexcad.com\/se\/#logo","inLanguage":"en-US","url":"https:\/\/vertexcad.com\/se\/wp-content\/uploads\/sites\/6\/2020\/02\/VERTEXlogo_with_margins.jpg","contentUrl":"https:\/\/vertexcad.com\/se\/wp-content\/uploads\/sites\/6\/2020\/02\/VERTEXlogo_with_margins.jpg","width":1400,"height":500,"caption":"Vertex Systems"},"image":{"@id":"https:\/\/vertexcad.com\/se\/#logo"}},{"@type":"WebSite","@id":"https:\/\/vertexcad.com\/se\/#website","url":"https:\/\/vertexcad.com\/se\/","name":"Vertex BD Software Sverige","description":"Vertex BD - Ledande BIM Mjukvara f\u00f6r Tr\u00e4husindustrin","publisher":{"@id":"https:\/\/vertexcad.com\/se\/#organization"},"potentialAction":[{"@type":"SearchAction","target":{"@type":"EntryPoint","urlTemplate":"https:\/\/vertexcad.com\/se\/?s={search_term_string}"},"query-input":"required name=search_term_string"}],"inLanguage":"en-US"},{"@type":"WebPage","@id":"https:\/\/vertexcad.com\/se\/2019\/05\/06\/reformhus-ansluter-till-vertex-teamet\/#webpage","url":"https:\/\/vertexcad.com\/se\/2019\/05\/06\/reformhus-ansluter-till-vertex-teamet\/","name":"Reformhus ansluter till Vertex-teamet -\u3010Vertex BD\u3011","isPartOf":{"@id":"https:\/\/vertexcad.com\/se\/#website"},"datePublished":"2019-05-06T10:19:56+00:00","dateModified":"2021-05-04T16:16:35+00:00","description":"Reformhus ansluter till Vertex-teamet! Som ett led i expansionen implementeras nu byggsystemet i Vertex CAD system -\u3010Vertex BD\u3011","breadcrumb":{"@id":"https:\/\/vertexcad.com\/se\/2019\/05\/06\/reformhus-ansluter-till-vertex-teamet\/#breadcrumb"},"inLanguage":"en-US","potentialAction":[{"@type":"ReadAction","target":["https:\/\/vertexcad.com\/se\/2019\/05\/06\/reformhus-ansluter-till-vertex-teamet\/"]}]},{"@type":"BreadcrumbList","@id":"https:\/\/vertexcad.com\/se\/2019\/05\/06\/reformhus-ansluter-till-vertex-teamet\/#breadcrumb","itemListElement":[{"@type":"ListItem","position":1,"name":"Home","item":"https:\/\/vertexcad.com\/se\/"},{"@type":"ListItem","position":2,"name":"Reformhus ansluter till Vertex-teamet"}]},{"@type":"Article","@id":"https:\/\/vertexcad.com\/se\/2019\/05\/06\/reformhus-ansluter-till-vertex-teamet\/#article","isPartOf":{"@id":"https:\/\/vertexcad.com\/se\/2019\/05\/06\/reformhus-ansluter-till-vertex-teamet\/#webpage"},"author":{"@id":"https:\/\/vertexcad.com\/se\/#\/schema\/person\/7596fbb2bf3340167b8322b967321084"},"headline":"Reformhus ansluter till Vertex-teamet","datePublished":"2019-05-06T10:19:56+00:00","dateModified":"2021-05-04T16:16:35+00:00","mainEntityOfPage":{"@id":"https:\/\/vertexcad.com\/se\/2019\/05\/06\/reformhus-ansluter-till-vertex-teamet\/#webpage"},"wordCount":258,"commentCount":0,"publisher":{"@id":"https:\/\/vertexcad.com\/se\/#organization"},"articleSection":["Customer"],"inLanguage":"en-US","potentialAction":[{"@type":"CommentAction","name":"Comment","target":["https:\/\/vertexcad.com\/se\/2019\/05\/06\/reformhus-ansluter-till-vertex-teamet\/#respond"]}]},{"@type":"Person","@id":"https:\/\/vertexcad.com\/se\/#\/schema\/person\/7596fbb2bf3340167b8322b967321084","name":"Pekka Moilanen","image":{"@type":"ImageObject","@id":"https:\/\/vertexcad.com\/se\/#personlogo","inLanguage":"en-US","url":"https:\/\/secure.gravatar.com\/avatar\/8f6c07f5d9124613d44c7a20b9832345?s=96&d=mm&r=g","contentUrl":"https:\/\/secure.gravatar.com\/avatar\/8f6c07f5d9124613d44c7a20b9832345?s=96&d=mm&r=g","caption":"Pekka Moilanen"},"url":"https:\/\/vertexcad.com\/se\/author\/pekkamo\/"}]}},"_links":{"self":[{"href":"https:\/\/vertexcad.com\/se\/wp-json\/wp\/v2\/posts\/260"}],"collection":[{"href":"https:\/\/vertexcad.com\/se\/wp-json\/wp\/v2\/posts"}],"about":[{"href":"https:\/\/vertexcad.com\/se\/wp-json\/wp\/v2\/types\/post"}],"author":[{"embeddable":true,"href":"https:\/\/vertexcad.com\/se\/wp-json\/wp\/v2\/users\/2"}],"replies":[{"embeddable":true,"href":"https:\/\/vertexcad.com\/se\/wp-json\/wp\/v2\/comments?post=260"}],"version-history":[{"count":8,"href":"https:\/\/vertexcad.com\/se\/wp-json\/wp\/v2\/posts\/260\/revisions"}],"predecessor-version":[{"id":1084,"href":"https:\/\/vertexcad.com\/se\/wp-json\/wp\/v2\/posts\/260\/revisions\/1084"}],"wp:attachment":[{"href":"https:\/\/vertexcad.com\/se\/wp-json\/wp\/v2\/media?parent=260"}],"wp:term":[{"taxonomy":"category","embeddable":true,"href":"https:\/\/vertexcad.com\/se\/wp-json\/wp\/v2\/categories?post=260"},{"taxonomy":"post_tag","embeddable":true,"href":"https:\/\/vertexcad.com\/se\/wp-json\/wp\/v2\/tags?post=260"}],"curies":[{"name":"wp","href":"https:\/\/api.w.org\/{rel}","templated":true}]}}